{"id":1087,"date":"2014-09-28T10:30:03","date_gmt":"2014-09-28T09:30:03","guid":{"rendered":"http:\/\/www.padeladaptado.com\/ASPADO\/?p=1087"},"modified":"2014-09-28T10:30:03","modified_gmt":"2014-09-28T09:30:03","slug":"ii-torneo-solidario-de-padel-rrhh-digital","status":"publish","type":"post","link":"https:\/\/padeladaptado.com\/en\/ii-torneo-solidario-de-padel-rrhh-digital\/","title":{"rendered":"II Solidarity Tournament of Paddle Human Resources Digital"},"content":{"rendered":"<p>With great success, the II Padel Solidarity Tournament organized by Human Resources Digital (HR Digital) in favor of the Association P\u00e1del para Todos (ASPADO) was carried out, with the participation of three players from the professional circuit: Pablo Lima, David Guti\u00e9rrez and Javier Concepci\u00f3n.<\/p>\n<p>In the facilities of the International Tennis Club, this test was carried out for the second consecutive year, which brought together 20 pairs of friends.<\/p>\n<p>Matches, excitement, gifts, laughter and a good atmosphere, all accompanied by several proper names: on the one hand, several members of ASPADO, who delighted everyone present with a great display of wheelchair paddle tennis; and on the other, the presence of Pablo Lima and David Guti\u00e9rrez, two great World Padel Tour players, as well as Javier Concepci\u00f3n, who wanted to take part in the competition as one more player.<\/p>\n<p>Lima and Guti\u00e9rrez offered the players a clinic on the track with which to share their experiences and advice, something that everyone appreciated, so as not to go home, in addition, without the photo next to the number two of the professional circuit.<\/p>\n<p>&nbsp;<\/p>\n<p>During the tournament there were many surprises and prizes for the attendees, all thanks to the work of the event sponsors (Alentis, Infiniti, Keysoft, Cigna, Check Gourmet, TALENTIA, Have a nice fruit, Atisa and of course, the organizer, HR Digital). In addition, we have a large number of friends and collaborators, such as ASPADO, Oomuombo, Heineken, Bendita Extremadura, Varma, Revitass, Kin\u00e9polis, Elephant &amp; Castle, Di\u00e1goras, STT, El Corte Ingl\u00e9s, Luis &amp; Tachi, Winball, Pierre &amp; Vacances and Varlion.<\/p>\n<p>&nbsp;<\/p>\n<p>From ASPADO we want to thank the organizers and all the companies that have participated in this event and next year we hope to bring together many more friends.<\/p>","protected":false},"excerpt":{"rendered":"<p>Con gran \u00e9xito se llev\u00f3 a cabo el II Torneo Solidario de P\u00e1del organizado por Recursos Humanos Digital (RRHH Digital) en favor de la Asociaci\u00f3n P\u00e1del para Todos (ASPADO) y que cont\u00f3 con la participaci\u00f3n de tres jugadores del circuito profesional: Pablo Lima, David Guti\u00e9rrez y Javier Concepci\u00f3n. En las instalaciones del Club Internacional de [&hellip;]<\/p>\n","protected":false},"author":1,"featured_media":1088,"comment_status":"closed","ping_status":"closed","sticky":false,"template":"","format":"standard","meta":{"_et_pb_use_builder":"","_et_pb_old_content":"","_et_gb_content_width":"","footnotes":""},"categories":[7],"tags":[],"class_list":["post-1087","post","type-post","status-publish","format-standard","has-post-thumbnail","hentry","category-novedades"],"_links":{"self":[{"href":"https:\/\/padeladaptado.com\/en\/wp-json\/wp\/v2\/posts\/1087","targetHints":{"allow":["GET"]}}],"collection":[{"href":"https:\/\/padeladaptado.com\/en\/wp-json\/wp\/v2\/posts"}],"about":[{"href":"https:\/\/padeladaptado.com\/en\/wp-json\/wp\/v2\/types\/post"}],"author":[{"embeddable":true,"href":"https:\/\/padeladaptado.com\/en\/wp-json\/wp\/v2\/users\/1"}],"replies":[{"embeddable":true,"href":"https:\/\/padeladaptado.com\/en\/wp-json\/wp\/v2\/comments?post=1087"}],"version-history":[{"count":0,"href":"https:\/\/padeladaptado.com\/en\/wp-json\/wp\/v2\/posts\/1087\/revisions"}],"wp:featuredmedia":[{"embeddable":true,"href":"https:\/\/padeladaptado.com\/en\/wp-json\/wp\/v2\/media\/1088"}],"wp:attachment":[{"href":"https:\/\/padeladaptado.com\/en\/wp-json\/wp\/v2\/media?parent=1087"}],"wp:term":[{"taxonomy":"category","embeddable":true,"href":"https:\/\/padeladaptado.com\/en\/wp-json\/wp\/v2\/categories?post=1087"},{"taxonomy":"post_tag","embeddable":true,"href":"https:\/\/padeladaptado.com\/en\/wp-json\/wp\/v2\/tags?post=1087"}],"curies":[{"name":"wp","href":"https:\/\/api.w.org\/{rel}","templated":true}]}}