{"id":1116,"date":"2014-10-20T17:37:45","date_gmt":"2014-10-20T16:37:45","guid":{"rendered":"http:\/\/www.padeladaptado.com\/ASPADO\/?p=1116"},"modified":"2014-10-20T17:37:45","modified_gmt":"2014-10-20T16:37:45","slug":"sorteo-en-tenerife","status":"publish","type":"post","link":"https:\/\/padeladaptado.com\/en\/sorteo-en-tenerife\/","title":{"rendered":"Draw in Tenerife"},"content":{"rendered":"<p>The holder of the number 9340 has won the \u201cSolidarity Pack\u201d of the raffle that the P\u00e1del Para Todos Association (ASPADO) held last Sunday in the final of the Estrella Damm Tenerife Open that was held in the Santiago Mart\u00edn island pavilion.<\/p>\n<p>The holder of this number was present there in the gallery and collected the prize of the &quot;Solidarity Pack&quot; consisting of two tickets with VIP access for the &quot;Estrella Damm Masters Finals&quot; to be held in December in Madrid, plus a Star shovel Fri and a gift from Mystica.<\/p>\n<p>Thank you very much to all who collaborated with our Association and we will see you at the next tournament in Valencia.<\/p>","protected":false},"excerpt":{"rendered":"<p>El poseedor del n\u00famero 9340 se ha llevado el \u201cPack Solidario\u201d del sorteo que la Asociaci\u00f3n P\u00e1del Para Todos (ASPADO) realiz\u00f3 el pasado domingo en la final del Estrella Damm Tenerife Open que se celebr\u00f3 en el pabell\u00f3n insular Santiago Mart\u00edn. El poseedor de este n\u00famero estaba presente all\u00ed en la tribuna y recogi\u00f3 el [&hellip;]<\/p>\n","protected":false},"author":1,"featured_media":1117,"comment_status":"closed","ping_status":"closed","sticky":false,"template":"","format":"standard","meta":{"_et_pb_use_builder":"","_et_pb_old_content":"","_et_gb_content_width":"","footnotes":""},"categories":[7,31],"tags":[],"class_list":["post-1116","post","type-post","status-publish","format-standard","has-post-thumbnail","hentry","category-novedades","category-sorteo"],"_links":{"self":[{"href":"https:\/\/padeladaptado.com\/en\/wp-json\/wp\/v2\/posts\/1116","targetHints":{"allow":["GET"]}}],"collection":[{"href":"https:\/\/padeladaptado.com\/en\/wp-json\/wp\/v2\/posts"}],"about":[{"href":"https:\/\/padeladaptado.com\/en\/wp-json\/wp\/v2\/types\/post"}],"author":[{"embeddable":true,"href":"https:\/\/padeladaptado.com\/en\/wp-json\/wp\/v2\/users\/1"}],"replies":[{"embeddable":true,"href":"https:\/\/padeladaptado.com\/en\/wp-json\/wp\/v2\/comments?post=1116"}],"version-history":[{"count":0,"href":"https:\/\/padeladaptado.com\/en\/wp-json\/wp\/v2\/posts\/1116\/revisions"}],"wp:featuredmedia":[{"embeddable":true,"href":"https:\/\/padeladaptado.com\/en\/wp-json\/wp\/v2\/media\/1117"}],"wp:attachment":[{"href":"https:\/\/padeladaptado.com\/en\/wp-json\/wp\/v2\/media?parent=1116"}],"wp:term":[{"taxonomy":"category","embeddable":true,"href":"https:\/\/padeladaptado.com\/en\/wp-json\/wp\/v2\/categories?post=1116"},{"taxonomy":"post_tag","embeddable":true,"href":"https:\/\/padeladaptado.com\/en\/wp-json\/wp\/v2\/tags?post=1116"}],"curies":[{"name":"wp","href":"https:\/\/api.w.org\/{rel}","templated":true}]}}