{"id":1136,"date":"2014-11-12T19:17:43","date_gmt":"2014-11-12T18:17:43","guid":{"rendered":"http:\/\/www.padeladaptado.com\/ASPADO\/?p=1136"},"modified":"2014-11-12T19:17:43","modified_gmt":"2014-11-12T18:17:43","slug":"jornada-de-puertas-abiertas-en-san-fernando","status":"publish","type":"post","link":"https:\/\/padeladaptado.com\/en\/jornada-de-puertas-abiertas-en-san-fernando\/","title":{"rendered":"Open Doors Day in San Fernando"},"content":{"rendered":"<p>Next Saturday, November 22, the ASPADO Andalusia delegation organizes an Open House as part of the celebration of the \u201cEstrella Damm San Fernando Open\u201d, the penultimate tournament of the season on the World Padel Tour circuit.<\/p>\n<p>The day will begin at 11 am and is aimed at all those people with some type of physical or mental disability who want to start practicing this sport.<\/p>\n<p>The activities will take place on the paddle tennis courts of the Ciudad Deportiva Bah\u00eda Sur (San Fernando) and the classes will be led by Specialized Monitors in adapted paddle tennis.<\/p>\n<p>Come with your sportswear. We will leave you the shovel. Start playing with us, bring your friends and you will have the opportunity to meet the best paddle tennis players in the world !!!<\/p>","protected":false},"excerpt":{"rendered":"<p>El pr\u00f3ximo s\u00e1bado 22 de noviembre la delegaci\u00f3n de ASPADO Andaluc\u00eda organiza una jornada de Puertas Abiertas en el marco de la celebraci\u00f3n del \u201cEstrella Damm San Fernando Open\u201d, pen\u00faltimo torneo de la temporada del circuito World Padel Tour. La jornada comenzar\u00e1 a las 11 horas y est\u00e1 dirigida a todas aquellas personas con alg\u00fan [&hellip;]<\/p>\n","protected":false},"author":1,"featured_media":590,"comment_status":"closed","ping_status":"closed","sticky":false,"template":"","format":"standard","meta":{"_et_pb_use_builder":"","_et_pb_old_content":"","_et_gb_content_width":"","footnotes":""},"categories":[7],"tags":[],"class_list":["post-1136","post","type-post","status-publish","format-standard","has-post-thumbnail","hentry","category-novedades"],"_links":{"self":[{"href":"https:\/\/padeladaptado.com\/en\/wp-json\/wp\/v2\/posts\/1136","targetHints":{"allow":["GET"]}}],"collection":[{"href":"https:\/\/padeladaptado.com\/en\/wp-json\/wp\/v2\/posts"}],"about":[{"href":"https:\/\/padeladaptado.com\/en\/wp-json\/wp\/v2\/types\/post"}],"author":[{"embeddable":true,"href":"https:\/\/padeladaptado.com\/en\/wp-json\/wp\/v2\/users\/1"}],"replies":[{"embeddable":true,"href":"https:\/\/padeladaptado.com\/en\/wp-json\/wp\/v2\/comments?post=1136"}],"version-history":[{"count":0,"href":"https:\/\/padeladaptado.com\/en\/wp-json\/wp\/v2\/posts\/1136\/revisions"}],"wp:featuredmedia":[{"embeddable":true,"href":"https:\/\/padeladaptado.com\/en\/wp-json\/wp\/v2\/media\/590"}],"wp:attachment":[{"href":"https:\/\/padeladaptado.com\/en\/wp-json\/wp\/v2\/media?parent=1136"}],"wp:term":[{"taxonomy":"category","embeddable":true,"href":"https:\/\/padeladaptado.com\/en\/wp-json\/wp\/v2\/categories?post=1136"},{"taxonomy":"post_tag","embeddable":true,"href":"https:\/\/padeladaptado.com\/en\/wp-json\/wp\/v2\/tags?post=1136"}],"curies":[{"name":"wp","href":"https:\/\/api.w.org\/{rel}","templated":true}]}}