{"id":1244,"date":"2015-04-27T13:56:23","date_gmt":"2015-04-27T12:56:23","guid":{"rendered":"http:\/\/www.padeladaptado.com\/ASPADO\/?p=1244"},"modified":"2015-04-27T13:56:23","modified_gmt":"2015-04-27T12:56:23","slug":"curso-de-monitores-de-padel-adaptado","status":"publish","type":"post","link":"https:\/\/padeladaptado.com\/en\/curso-de-monitores-de-padel-adaptado\/","title":{"rendered":"Adapted paddle tennis instructors course"},"content":{"rendered":"<p style=\"text-align: left;\" align=\"center\">Registrations are open for the XIV Course for Adapted Padel Monitors, which is organized by the Padel for All Association (ASPADO). It will take place from May 22 to 24 at the Valdebernardo Sports Center in Madrid.<\/p>\n<p style=\"text-align: left;\">More than 300 professionals have already been trained in this specialty of adapted paddle tennis through ASPADO.<\/p>\n<p style=\"text-align: left;\">The course, which will be held at the Valdebernardo Sports Center (Calle Ladera de los Almendro, 2), is organized jointly with the Community of Madrid and the Higher Sports Council, and has the collaboration of the Also Foundation.<\/p>\n<p style=\"text-align: left;\">The bases and regulations can be consulted in the course section of this website.<\/p>","protected":false},"excerpt":{"rendered":"<p>Est\u00e1n abiertas las inscripciones para el XIV Curso para Monitores de p\u00e1del adaptado que es organizado por la Asociaci\u00f3n P\u00e1del para Todos (ASPADO). El mismo tendr\u00e1 lugar del 22 al 24 de mayo en el Polideportivo Valdebernardo de Madrid. M\u00e1s de 300 profesionales ya se han formado en esta especialidad de p\u00e1del adaptado a trav\u00e9s [&hellip;]<\/p>\n","protected":false},"author":1,"featured_media":1245,"comment_status":"closed","ping_status":"closed","sticky":false,"template":"","format":"standard","meta":{"_et_pb_use_builder":"","_et_pb_old_content":"","_et_gb_content_width":"","footnotes":""},"categories":[6,7],"tags":[],"class_list":["post-1244","post","type-post","status-publish","format-standard","has-post-thumbnail","hentry","category-cursos","category-novedades"],"_links":{"self":[{"href":"https:\/\/padeladaptado.com\/en\/wp-json\/wp\/v2\/posts\/1244","targetHints":{"allow":["GET"]}}],"collection":[{"href":"https:\/\/padeladaptado.com\/en\/wp-json\/wp\/v2\/posts"}],"about":[{"href":"https:\/\/padeladaptado.com\/en\/wp-json\/wp\/v2\/types\/post"}],"author":[{"embeddable":true,"href":"https:\/\/padeladaptado.com\/en\/wp-json\/wp\/v2\/users\/1"}],"replies":[{"embeddable":true,"href":"https:\/\/padeladaptado.com\/en\/wp-json\/wp\/v2\/comments?post=1244"}],"version-history":[{"count":0,"href":"https:\/\/padeladaptado.com\/en\/wp-json\/wp\/v2\/posts\/1244\/revisions"}],"wp:featuredmedia":[{"embeddable":true,"href":"https:\/\/padeladaptado.com\/en\/wp-json\/wp\/v2\/media\/1245"}],"wp:attachment":[{"href":"https:\/\/padeladaptado.com\/en\/wp-json\/wp\/v2\/media?parent=1244"}],"wp:term":[{"taxonomy":"category","embeddable":true,"href":"https:\/\/padeladaptado.com\/en\/wp-json\/wp\/v2\/categories?post=1244"},{"taxonomy":"post_tag","embeddable":true,"href":"https:\/\/padeladaptado.com\/en\/wp-json\/wp\/v2\/tags?post=1244"}],"curies":[{"name":"wp","href":"https:\/\/api.w.org\/{rel}","templated":true}]}}