{"id":1853,"date":"2016-09-24T20:42:25","date_gmt":"2016-09-24T19:42:25","guid":{"rendered":"http:\/\/www.padeladaptado.com\/ASPADO\/?p=1853"},"modified":"2016-09-24T20:42:25","modified_gmt":"2016-09-24T19:42:25","slug":"exhibicion-de-aspado-en-el-wpt-sevilla-open","status":"publish","type":"post","link":"https:\/\/padeladaptado.com\/en\/exhibicion-de-aspado-en-el-wpt-sevilla-open\/","title":{"rendered":"ASPADO exhibition at the WPT Sevilla Open"},"content":{"rendered":"<p>Once again, the ASPADO students aroused the admiration of all paddle tennis lovers who gathered in Seville to enjoy another tournament on the World Padel Tour circuit.<\/p>\n<p>The Association delegation was led by the Andalusian delegate, Bego\u00f1a de la Rocha, and the Andalusian schools coordinator, Manolo Bueno.<\/p>\n<p><a href=\"http:\/\/www.padeladaptado.com\/ASPADO\/wp-content\/uploads\/2016\/09\/IMG_3816.jpg\"><img decoding=\"async\" class=\"aligncenter size-full wp-image-1856 lazyload\" data-src=\"http:\/\/www.padeladaptado.com\/ASPADO\/wp-content\/uploads\/2016\/09\/IMG_3816.jpg\" alt=\"img_3816\" width=\"1600\" height=\"1200\" data-srcset=\"https:\/\/padeladaptado.com\/wp-content\/uploads\/2016\/09\/IMG_3816.jpg 1600w, https:\/\/padeladaptado.com\/wp-content\/uploads\/2016\/09\/IMG_3816-300x225.jpg 300w, https:\/\/padeladaptado.com\/wp-content\/uploads\/2016\/09\/IMG_3816-768x576.jpg 768w, https:\/\/padeladaptado.com\/wp-content\/uploads\/2016\/09\/IMG_3816-1024x768.jpg 1024w, https:\/\/padeladaptado.com\/wp-content\/uploads\/2016\/09\/IMG_3816-510x382.jpg 510w, https:\/\/padeladaptado.com\/wp-content\/uploads\/2016\/09\/IMG_3816-1080x810.jpg 1080w, https:\/\/padeladaptado.com\/wp-content\/uploads\/2016\/09\/IMG_3816-1280x960.jpg 1280w, https:\/\/padeladaptado.com\/wp-content\/uploads\/2016\/09\/IMG_3816-980x735.jpg 980w, https:\/\/padeladaptado.com\/wp-content\/uploads\/2016\/09\/IMG_3816-480x360.jpg 480w\" data-sizes=\"(max-width: 1600px) 100vw, 1600px\" src=\"data:image\/svg+xml;base64,PHN2ZyB3aWR0aD0iMSIgaGVpZ2h0PSIxIiB4bWxucz0iaHR0cDovL3d3dy53My5vcmcvMjAwMC9zdmciPjwvc3ZnPg==\" style=\"--smush-placeholder-width: 1600px; --smush-placeholder-aspect-ratio: 1600\/1200;\" \/><\/a><\/p>\n<p>The students Jos\u00e9 Manuel Rodr\u00edguez, Carlos Florencio and Marta Piniella participated in the exhibition that ASPADO carried out in the central court of the San Pablo pavilion in Seville.<\/p>\n<p>In addition, as always, they had the kindness and good disposition of the best players in the world. Federico Quiles and Juan Mart\u00edn D\u00edaz made these boys&#039; dream of taking photos with them come true.<\/p>\n<p><img decoding=\"async\" class=\"aligncenter size-full wp-image-1855 lazyload\" data-src=\"http:\/\/www.padeladaptado.com\/ASPADO\/wp-content\/uploads\/2016\/09\/jugadores.jpg\" alt=\"jugadores\" width=\"1900\" height=\"1000\" data-srcset=\"https:\/\/padeladaptado.com\/wp-content\/uploads\/2016\/09\/jugadores.jpg 1900w, https:\/\/padeladaptado.com\/wp-content\/uploads\/2016\/09\/jugadores-300x158.jpg 300w, https:\/\/padeladaptado.com\/wp-content\/uploads\/2016\/09\/jugadores-768x404.jpg 768w, https:\/\/padeladaptado.com\/wp-content\/uploads\/2016\/09\/jugadores-1024x539.jpg 1024w, https:\/\/padeladaptado.com\/wp-content\/uploads\/2016\/09\/jugadores-1080x568.jpg 1080w, https:\/\/padeladaptado.com\/wp-content\/uploads\/2016\/09\/jugadores-1280x674.jpg 1280w, https:\/\/padeladaptado.com\/wp-content\/uploads\/2016\/09\/jugadores-980x516.jpg 980w, https:\/\/padeladaptado.com\/wp-content\/uploads\/2016\/09\/jugadores-480x253.jpg 480w\" data-sizes=\"(max-width: 1900px) 100vw, 1900px\" src=\"data:image\/svg+xml;base64,PHN2ZyB3aWR0aD0iMSIgaGVpZ2h0PSIxIiB4bWxucz0iaHR0cDovL3d3dy53My5vcmcvMjAwMC9zdmciPjwvc3ZnPg==\" style=\"--smush-placeholder-width: 1900px; --smush-placeholder-aspect-ratio: 1900\/1000;\" \/><\/p>","protected":false},"excerpt":{"rendered":"<p>Nuevamente los alumnos de ASPADO despertaron la admiraci\u00f3n de todos los amantes del p\u00e1del que se dieron cita en Sevilla para disfrutar de otro torneo del circuito World Padel Tour. La delegaci\u00f3n de la Asociaci\u00f3n estuvo encabezada por la delegada de Andaluc\u00eda, Bego\u00f1a de la Rocha, y el coordinador de las escuelas andaluzas, Manolo Bueno. [&hellip;]<\/p>\n","protected":false},"author":1,"featured_media":1854,"comment_status":"closed","ping_status":"closed","sticky":false,"template":"","format":"standard","meta":{"_et_pb_use_builder":"","_et_pb_old_content":"","_et_gb_content_width":"","footnotes":""},"categories":[7],"tags":[],"class_list":["post-1853","post","type-post","status-publish","format-standard","has-post-thumbnail","hentry","category-novedades"],"_links":{"self":[{"href":"https:\/\/padeladaptado.com\/en\/wp-json\/wp\/v2\/posts\/1853","targetHints":{"allow":["GET"]}}],"collection":[{"href":"https:\/\/padeladaptado.com\/en\/wp-json\/wp\/v2\/posts"}],"about":[{"href":"https:\/\/padeladaptado.com\/en\/wp-json\/wp\/v2\/types\/post"}],"author":[{"embeddable":true,"href":"https:\/\/padeladaptado.com\/en\/wp-json\/wp\/v2\/users\/1"}],"replies":[{"embeddable":true,"href":"https:\/\/padeladaptado.com\/en\/wp-json\/wp\/v2\/comments?post=1853"}],"version-history":[{"count":0,"href":"https:\/\/padeladaptado.com\/en\/wp-json\/wp\/v2\/posts\/1853\/revisions"}],"wp:featuredmedia":[{"embeddable":true,"href":"https:\/\/padeladaptado.com\/en\/wp-json\/wp\/v2\/media\/1854"}],"wp:attachment":[{"href":"https:\/\/padeladaptado.com\/en\/wp-json\/wp\/v2\/media?parent=1853"}],"wp:term":[{"taxonomy":"category","embeddable":true,"href":"https:\/\/padeladaptado.com\/en\/wp-json\/wp\/v2\/categories?post=1853"},{"taxonomy":"post_tag","embeddable":true,"href":"https:\/\/padeladaptado.com\/en\/wp-json\/wp\/v2\/tags?post=1853"}],"curies":[{"name":"wp","href":"https:\/\/api.w.org\/{rel}","templated":true}]}}