{"id":1860,"date":"2016-09-29T10:12:33","date_gmt":"2016-09-29T09:12:33","guid":{"rendered":"http:\/\/www.padeladaptado.com\/ASPADO\/?p=1860"},"modified":"2016-09-29T10:12:33","modified_gmt":"2016-09-29T09:12:33","slug":"gran-participacion-en-la-jornada-de-puertas-abiertas-en-guadalajara","status":"publish","type":"post","link":"https:\/\/padeladaptado.com\/en\/gran-participacion-en-la-jornada-de-puertas-abiertas-en-guadalajara\/","title":{"rendered":"Great participation in the Open Day in Guadalajara"},"content":{"rendered":"<p>More than twenty people participated in the Open Doors Day in the Ciudad de la Raqueta de Guadalajara, which served as a preamble to the opening of a new ASPADO school.<\/p>\n<p>The Association continues to expand with the aim of bringing paddle tennis closer to more people with disabilities. On this occasion, monitors from the Association traveled to Guadalajara capital, where a new school will start operating in October.<\/p>\n<p><a href=\"http:\/\/www.padeladaptado.com\/ASPADO\/wp-content\/uploads\/2016\/09\/IMG_3877.jpg\"><img decoding=\"async\" class=\"aligncenter size-full wp-image-1862 lazyload\" data-src=\"http:\/\/www.padeladaptado.com\/ASPADO\/wp-content\/uploads\/2016\/09\/IMG_3877.jpg\" alt=\"img_3877\" width=\"1600\" height=\"1200\" data-srcset=\"https:\/\/padeladaptado.com\/wp-content\/uploads\/2016\/09\/IMG_3877.jpg 1600w, https:\/\/padeladaptado.com\/wp-content\/uploads\/2016\/09\/IMG_3877-300x225.jpg 300w, https:\/\/padeladaptado.com\/wp-content\/uploads\/2016\/09\/IMG_3877-768x576.jpg 768w, https:\/\/padeladaptado.com\/wp-content\/uploads\/2016\/09\/IMG_3877-1024x768.jpg 1024w, https:\/\/padeladaptado.com\/wp-content\/uploads\/2016\/09\/IMG_3877-510x382.jpg 510w, https:\/\/padeladaptado.com\/wp-content\/uploads\/2016\/09\/IMG_3877-1080x810.jpg 1080w, https:\/\/padeladaptado.com\/wp-content\/uploads\/2016\/09\/IMG_3877-1280x960.jpg 1280w, https:\/\/padeladaptado.com\/wp-content\/uploads\/2016\/09\/IMG_3877-980x735.jpg 980w, https:\/\/padeladaptado.com\/wp-content\/uploads\/2016\/09\/IMG_3877-480x360.jpg 480w\" data-sizes=\"(max-width: 1600px) 100vw, 1600px\" src=\"data:image\/svg+xml;base64,PHN2ZyB3aWR0aD0iMSIgaGVpZ2h0PSIxIiB4bWxucz0iaHR0cDovL3d3dy53My5vcmcvMjAwMC9zdmciPjwvc3ZnPg==\" style=\"--smush-placeholder-width: 1600px; --smush-placeholder-aspect-ratio: 1600\/1200;\" \/><\/a><\/p>\n<p>This day was attended by 10 minors and 12 adults, who had their first contact with paddle tennis and will be part of the groups of this new school that will operate on Tuesday afternoons.<\/p>\n<p>To participate and receive more information, you should contact V\u00edctor Orea, coordinator of ASPADO monitors, at 622 402 086.<\/p>\n<p><a href=\"http:\/\/www.padeladaptado.com\/ASPADO\/wp-content\/uploads\/2016\/09\/IMG_3866.jpg\"><img decoding=\"async\" class=\"aligncenter size-full wp-image-1863 lazyload\" data-src=\"http:\/\/www.padeladaptado.com\/ASPADO\/wp-content\/uploads\/2016\/09\/IMG_3866.jpg\" alt=\"img_3866\" width=\"1600\" height=\"1200\" data-srcset=\"https:\/\/padeladaptado.com\/wp-content\/uploads\/2016\/09\/IMG_3866.jpg 1600w, https:\/\/padeladaptado.com\/wp-content\/uploads\/2016\/09\/IMG_3866-300x225.jpg 300w, https:\/\/padeladaptado.com\/wp-content\/uploads\/2016\/09\/IMG_3866-768x576.jpg 768w, https:\/\/padeladaptado.com\/wp-content\/uploads\/2016\/09\/IMG_3866-1024x768.jpg 1024w, https:\/\/padeladaptado.com\/wp-content\/uploads\/2016\/09\/IMG_3866-510x382.jpg 510w, https:\/\/padeladaptado.com\/wp-content\/uploads\/2016\/09\/IMG_3866-1080x810.jpg 1080w, https:\/\/padeladaptado.com\/wp-content\/uploads\/2016\/09\/IMG_3866-1280x960.jpg 1280w, https:\/\/padeladaptado.com\/wp-content\/uploads\/2016\/09\/IMG_3866-980x735.jpg 980w, https:\/\/padeladaptado.com\/wp-content\/uploads\/2016\/09\/IMG_3866-480x360.jpg 480w\" data-sizes=\"(max-width: 1600px) 100vw, 1600px\" src=\"data:image\/svg+xml;base64,PHN2ZyB3aWR0aD0iMSIgaGVpZ2h0PSIxIiB4bWxucz0iaHR0cDovL3d3dy53My5vcmcvMjAwMC9zdmciPjwvc3ZnPg==\" style=\"--smush-placeholder-width: 1600px; --smush-placeholder-aspect-ratio: 1600\/1200;\" \/><\/a><\/p>","protected":false},"excerpt":{"rendered":"<p>M\u00e1s de veinte personas participaron de la Jornada de Puertas Abiertas en la Ciudad de la Raqueta de Guadalajara, que sirvi\u00f3 como pre\u00e1mbulo a la apertura de una nueva escuela de ASPADO. La Asociaci\u00f3n sigue expandi\u00e9ndose con el objetivo de acercar el p\u00e1del a m\u00e1s personas con discapacidad. En esta ocasi\u00f3n, monitores de la Asociaci\u00f3n [&hellip;]<\/p>\n","protected":false},"author":1,"featured_media":1861,"comment_status":"closed","ping_status":"closed","sticky":false,"template":"","format":"standard","meta":{"_et_pb_use_builder":"","_et_pb_old_content":"","_et_gb_content_width":"","footnotes":""},"categories":[7],"tags":[],"class_list":["post-1860","post","type-post","status-publish","format-standard","has-post-thumbnail","hentry","category-novedades"],"_links":{"self":[{"href":"https:\/\/padeladaptado.com\/en\/wp-json\/wp\/v2\/posts\/1860","targetHints":{"allow":["GET"]}}],"collection":[{"href":"https:\/\/padeladaptado.com\/en\/wp-json\/wp\/v2\/posts"}],"about":[{"href":"https:\/\/padeladaptado.com\/en\/wp-json\/wp\/v2\/types\/post"}],"author":[{"embeddable":true,"href":"https:\/\/padeladaptado.com\/en\/wp-json\/wp\/v2\/users\/1"}],"replies":[{"embeddable":true,"href":"https:\/\/padeladaptado.com\/en\/wp-json\/wp\/v2\/comments?post=1860"}],"version-history":[{"count":0,"href":"https:\/\/padeladaptado.com\/en\/wp-json\/wp\/v2\/posts\/1860\/revisions"}],"wp:featuredmedia":[{"embeddable":true,"href":"https:\/\/padeladaptado.com\/en\/wp-json\/wp\/v2\/media\/1861"}],"wp:attachment":[{"href":"https:\/\/padeladaptado.com\/en\/wp-json\/wp\/v2\/media?parent=1860"}],"wp:term":[{"taxonomy":"category","embeddable":true,"href":"https:\/\/padeladaptado.com\/en\/wp-json\/wp\/v2\/categories?post=1860"},{"taxonomy":"post_tag","embeddable":true,"href":"https:\/\/padeladaptado.com\/en\/wp-json\/wp\/v2\/tags?post=1860"}],"curies":[{"name":"wp","href":"https:\/\/api.w.org\/{rel}","templated":true}]}}