{"id":1977,"date":"2017-01-15T23:59:35","date_gmt":"2017-01-15T22:59:35","guid":{"rendered":"http:\/\/www.padeladaptado.com\/ASPADO\/?p=1977"},"modified":"2017-01-15T23:59:35","modified_gmt":"2017-01-15T22:59:35","slug":"abiertas-inscripciones-para-el-xvii-curso-de-monitores","status":"publish","type":"post","link":"https:\/\/padeladaptado.com\/en\/abiertas-inscripciones-para-el-xvii-curso-de-monitores\/","title":{"rendered":"Registration open for the XVII Monitors Course"},"content":{"rendered":"<p>Registration is open for the XVII Course for Adapted Padel Monitors organized by the Association P\u00e1del para Todos (ASPADO) and which will take place from May 19 to 21 at the Valdebernardo Sports Center in Madrid.<\/p>\n<p>As every year, ASPADO holds two calls and continues to train monitors. So far more than 400 professionals have already obtained the title in this specialty of adapted paddle tennis through our Association.<\/p>\n<p>The course, which will be held at the Valdebernardo Sports Center (Calle Ladera de los Almendro, 2), is organized jointly with the Community of Madrid and the Higher Sports Council, and has the collaboration of the Also Foundation.<\/p>\n<p>The bases and regulations can be consulted in the course section of our website <a href=\"https:\/\/padeladaptado.com\/en\/\">www.padeladaptado.com<\/a><\/p>\n<p><a href=\"http:\/\/www.padeladaptado.com\/ASPADO\/wp-content\/uploads\/2017\/03\/cartel_curso_2017.jpg\"><img decoding=\"async\" class=\"aligncenter size-full wp-image-1978 lazyload\" data-src=\"http:\/\/www.padeladaptado.com\/ASPADO\/wp-content\/uploads\/2017\/03\/cartel_curso_2017.jpg\" alt=\"XVII CURSO DE MONITORES\" width=\"1492\" height=\"2103\" src=\"data:image\/svg+xml;base64,PHN2ZyB3aWR0aD0iMSIgaGVpZ2h0PSIxIiB4bWxucz0iaHR0cDovL3d3dy53My5vcmcvMjAwMC9zdmciPjwvc3ZnPg==\" style=\"--smush-placeholder-width: 1492px; --smush-placeholder-aspect-ratio: 1492\/2103;\" \/><\/a><\/p>","protected":false},"excerpt":{"rendered":"<p>Est\u00e1n abiertas las inscripciones para el XVII Curso para Monitores de p\u00e1del adaptado organizado por la Asociaci\u00f3n P\u00e1del para Todos (ASPADO) y que se desarrollar\u00e1 del 19 al 21 de mayo en el Polideportivo Valdebernardo de Madrid. Como todos los a\u00f1os, ASPADO realiza dos convocatorias y sigue formando monitores. Hasta el momento m\u00e1s de 400 [&hellip;]<\/p>\n","protected":false},"author":1,"featured_media":1991,"comment_status":"closed","ping_status":"closed","sticky":false,"template":"","format":"standard","meta":{"_et_pb_use_builder":"","_et_pb_old_content":"","_et_gb_content_width":"","footnotes":""},"categories":[6,7],"tags":[],"class_list":["post-1977","post","type-post","status-publish","format-standard","has-post-thumbnail","hentry","category-cursos","category-novedades"],"_links":{"self":[{"href":"https:\/\/padeladaptado.com\/en\/wp-json\/wp\/v2\/posts\/1977","targetHints":{"allow":["GET"]}}],"collection":[{"href":"https:\/\/padeladaptado.com\/en\/wp-json\/wp\/v2\/posts"}],"about":[{"href":"https:\/\/padeladaptado.com\/en\/wp-json\/wp\/v2\/types\/post"}],"author":[{"embeddable":true,"href":"https:\/\/padeladaptado.com\/en\/wp-json\/wp\/v2\/users\/1"}],"replies":[{"embeddable":true,"href":"https:\/\/padeladaptado.com\/en\/wp-json\/wp\/v2\/comments?post=1977"}],"version-history":[{"count":0,"href":"https:\/\/padeladaptado.com\/en\/wp-json\/wp\/v2\/posts\/1977\/revisions"}],"wp:featuredmedia":[{"embeddable":true,"href":"https:\/\/padeladaptado.com\/en\/wp-json\/wp\/v2\/media\/1991"}],"wp:attachment":[{"href":"https:\/\/padeladaptado.com\/en\/wp-json\/wp\/v2\/media?parent=1977"}],"wp:term":[{"taxonomy":"category","embeddable":true,"href":"https:\/\/padeladaptado.com\/en\/wp-json\/wp\/v2\/categories?post=1977"},{"taxonomy":"post_tag","embeddable":true,"href":"https:\/\/padeladaptado.com\/en\/wp-json\/wp\/v2\/tags?post=1977"}],"curies":[{"name":"wp","href":"https:\/\/api.w.org\/{rel}","templated":true}]}}