{"id":2634,"date":"2017-11-26T13:08:34","date_gmt":"2017-11-26T12:08:34","guid":{"rendered":"http:\/\/www.padeladaptado.com\/ASPADO\/?p=2634"},"modified":"2017-11-26T13:08:34","modified_gmt":"2017-11-26T12:08:34","slug":"ii-torneo-de-padel-adaptado-en-cadiz","status":"publish","type":"post","link":"https:\/\/padeladaptado.com\/en\/ii-torneo-de-padel-adaptado-en-cadiz\/","title":{"rendered":"II Adapted Padel Tournament in C\u00e1diz"},"content":{"rendered":"<p>Next Saturday, December 2, at the Planet Padel club (San Fernando-C\u00e1diz), the II Adapted Paddle Tournament will take place organized by the Andalusian delegation of ASPADO.<br \/>\nAfter the success of the first edition, this year the tournament will once again bring together players from different parts of the Spanish geography and will serve as a farewell to the year, because beyond paddle tennis this will be a party for everyone.<br \/>\nThe test, which has the support of the Diputaci\u00f3n de C\u00e1diz, will begin at 10:30 am on the tracks of Planet Padel - Isla P\u00e1del.<br \/>\nLater, participants and family members will share a lunch at the headquarters of the El Castillo social club, where dinner will take place in the evening and the subsequent awarding of trophies.<br \/>\nThe competition will be developed in four modalities: Low Sports Skills, High Sports Skills, High Adapted and Competition.<br \/>\nFrom ASPADO we thank the large number of companies that have collaborated to carry out this tournament: Mc Donald, Tecnocasa, Salda\u00f1a Podiatry Clinic, Caballero Winery, Distrito Sur Camposoto, SPV Electrical Supplies and Installations and Padelman\u00eda.<\/p>","protected":false},"excerpt":{"rendered":"<p>El pr\u00f3ximo s\u00e1bado 2 de diciembre, en el club Planet Padel (San Fernando-C\u00e1diz), tendr\u00e1 lugar el II Torneo de P\u00e1del Adaptado organizado por la delegaci\u00f3n de Andaluc\u00eda de ASPADO. Tras el \u00e9xito de la primera edici\u00f3n, este a\u00f1o el torneo volver\u00e1 a reunir a jugadores de distintos puntos de la geograf\u00eda espa\u00f1ola y servir\u00e1 como [&hellip;]<\/p>\n","protected":false},"author":1,"featured_media":2637,"comment_status":"closed","ping_status":"closed","sticky":false,"template":"","format":"standard","meta":{"_et_pb_use_builder":"","_et_pb_old_content":"","_et_gb_content_width":"","footnotes":""},"categories":[7],"tags":[],"class_list":["post-2634","post","type-post","status-publish","format-standard","has-post-thumbnail","hentry","category-novedades"],"_links":{"self":[{"href":"https:\/\/padeladaptado.com\/en\/wp-json\/wp\/v2\/posts\/2634","targetHints":{"allow":["GET"]}}],"collection":[{"href":"https:\/\/padeladaptado.com\/en\/wp-json\/wp\/v2\/posts"}],"about":[{"href":"https:\/\/padeladaptado.com\/en\/wp-json\/wp\/v2\/types\/post"}],"author":[{"embeddable":true,"href":"https:\/\/padeladaptado.com\/en\/wp-json\/wp\/v2\/users\/1"}],"replies":[{"embeddable":true,"href":"https:\/\/padeladaptado.com\/en\/wp-json\/wp\/v2\/comments?post=2634"}],"version-history":[{"count":0,"href":"https:\/\/padeladaptado.com\/en\/wp-json\/wp\/v2\/posts\/2634\/revisions"}],"wp:featuredmedia":[{"embeddable":true,"href":"https:\/\/padeladaptado.com\/en\/wp-json\/wp\/v2\/media\/2637"}],"wp:attachment":[{"href":"https:\/\/padeladaptado.com\/en\/wp-json\/wp\/v2\/media?parent=2634"}],"wp:term":[{"taxonomy":"category","embeddable":true,"href":"https:\/\/padeladaptado.com\/en\/wp-json\/wp\/v2\/categories?post=2634"},{"taxonomy":"post_tag","embeddable":true,"href":"https:\/\/padeladaptado.com\/en\/wp-json\/wp\/v2\/tags?post=2634"}],"curies":[{"name":"wp","href":"https:\/\/api.w.org\/{rel}","templated":true}]}}